{"id":1237,"date":"2014-06-25T08:18:47","date_gmt":"2014-06-25T08:18:47","guid":{"rendered":"http:\/\/www.zsplotiste.cz\/?p=460"},"modified":"2023-07-28T09:02:05","modified_gmt":"2023-07-28T08:02:05","slug":"navsteva-polska","status":"publish","type":"post","link":"https:\/\/www.zsplotiste.cz\/?p=1237","title":{"rendered":"N\u00e1v\u0161t\u011bva Polska"},"content":{"rendered":"<p>Ve dnech 1. \u2013 6.6.2014 \u00a0na\u0161e \u0161kola tr\u00e1vila sv\u016fj \u010das na \u201e \u0160kole v p\u0159\u00edrod\u011b\u201c v Orlick\u00e9m Z\u00e1ho\u0159\u00ed.<\/p>\n<p>Vzhledem k tomu, \u017ee do Polska je velmi bl\u00edzko, nav\u0161t\u00edvili jsme zem na\u0161ich p\u0159\u00e1tel, o \u010dem\u017e sv\u011bd\u010d\u00ed i tyto fotografie.<\/p>\n<p>&nbsp;<\/p>\n<div><\/div>\n<div><a href=\"http:\/\/www.zsplotiste.cz\/wp-content\/uploads\/2015\/02\/Polsko5.jpg.jpg\"><img decoding=\"async\" class=\"alignnone size-thumbnail wp-image-461\" src=\"http:\/\/www.zsplotiste.cz\/wp-content\/uploads\/2015\/02\/Polsko5.jpg-150x150.jpg\" alt=\"Polsko5.jpg\" width=\"150\" height=\"150\" \/><\/a> <a href=\"http:\/\/www.zsplotiste.cz\/wp-content\/uploads\/2015\/02\/Polsko3.jpg.jpg\"><img decoding=\"async\" class=\"alignnone size-thumbnail wp-image-462\" src=\"http:\/\/www.zsplotiste.cz\/wp-content\/uploads\/2015\/02\/Polsko3.jpg-150x150.jpg\" alt=\"Polsko3.jpg\" width=\"150\" height=\"150\" \/><\/a> <a href=\"http:\/\/www.zsplotiste.cz\/wp-content\/uploads\/2015\/02\/Polsko2.jpg.jpg\"><img decoding=\"async\" class=\"alignnone size-thumbnail wp-image-463\" src=\"http:\/\/www.zsplotiste.cz\/wp-content\/uploads\/2015\/02\/Polsko2.jpg-150x150.jpg\" alt=\"Polsko2.jpg\" width=\"150\" height=\"150\" \/><\/a> <a href=\"http:\/\/www.zsplotiste.cz\/wp-content\/uploads\/2015\/02\/Polsko1.jpg.jpg\"><img loading=\"lazy\" decoding=\"async\" class=\"alignnone size-thumbnail wp-image-464\" src=\"http:\/\/www.zsplotiste.cz\/wp-content\/uploads\/2015\/02\/Polsko1.jpg-150x150.jpg\" alt=\"Polsko1.jpg\" width=\"150\" height=\"150\" \/><\/a><\/div>\n","protected":false},"excerpt":{"rendered":"<p>Ve dnech 1. \u2013 6.6.2014 \u00a0na\u0161e \u0161kola tr\u00e1vila sv\u016fj \u010das na \u201e \u0160kole v p\u0159\u00edrod\u011b\u201c v Orlick\u00e9m Z\u00e1ho\u0159\u00ed. Vzhledem k tomu, \u017ee do Polska je velmi bl\u00edzko, nav\u0161t\u00edvili jsme zem na\u0161ich p\u0159\u00e1tel, o \u010dem\u017e sv\u011bd\u010d\u00ed i tyto fotografie. &nbsp;<\/p>\n","protected":false},"author":5,"featured_media":0,"comment_status":"closed","ping_status":"open","sticky":false,"template":"","format":"standard","meta":{"footnotes":""},"categories":[19],"tags":[],"class_list":["post-1237","post","type-post","status-publish","format-standard","hentry","category-kultura-spojuje-narody","odd"],"_links":{"self":[{"href":"https:\/\/www.zsplotiste.cz\/index.php?rest_route=\/wp\/v2\/posts\/1237","targetHints":{"allow":["GET"]}}],"collection":[{"href":"https:\/\/www.zsplotiste.cz\/index.php?rest_route=\/wp\/v2\/posts"}],"about":[{"href":"https:\/\/www.zsplotiste.cz\/index.php?rest_route=\/wp\/v2\/types\/post"}],"author":[{"embeddable":true,"href":"https:\/\/www.zsplotiste.cz\/index.php?rest_route=\/wp\/v2\/users\/5"}],"replies":[{"embeddable":true,"href":"https:\/\/www.zsplotiste.cz\/index.php?rest_route=%2Fwp%2Fv2%2Fcomments&post=1237"}],"version-history":[{"count":1,"href":"https:\/\/www.zsplotiste.cz\/index.php?rest_route=\/wp\/v2\/posts\/1237\/revisions"}],"predecessor-version":[{"id":4958,"href":"https:\/\/www.zsplotiste.cz\/index.php?rest_route=\/wp\/v2\/posts\/1237\/revisions\/4958"}],"wp:attachment":[{"href":"https:\/\/www.zsplotiste.cz\/index.php?rest_route=%2Fwp%2Fv2%2Fmedia&parent=1237"}],"wp:term":[{"taxonomy":"category","embeddable":true,"href":"https:\/\/www.zsplotiste.cz\/index.php?rest_route=%2Fwp%2Fv2%2Fcategories&post=1237"},{"taxonomy":"post_tag","embeddable":true,"href":"https:\/\/www.zsplotiste.cz\/index.php?rest_route=%2Fwp%2Fv2%2Ftags&post=1237"}],"curies":[{"name":"wp","href":"https:\/\/api.w.org\/{rel}","templated":true}]}}