{"id":2972,"date":"2018-10-08T19:19:19","date_gmt":"2018-10-08T19:19:19","guid":{"rendered":"http:\/\/www.zsplotiste.cz\/?p=2972"},"modified":"2023-10-27T12:00:27","modified_gmt":"2023-10-27T11:00:27","slug":"prochazka-po-hradeckych-pomnicich-plotiste-16-9-2018","status":"publish","type":"post","link":"https:\/\/www.zsplotiste.cz\/?p=2972","title":{"rendered":"Proch\u00e1zka po hradeck\u00fdch pomn\u00edc\u00edch &#8211; Ploti\u0161t\u011b 16. 9. 2018"},"content":{"rendered":"<p>V\u00a0ned\u011bli 16. 9. 2018 prob\u011bhla v\u00a0r\u00e1mci Dn\u016f evropsk\u00e9ho d\u011bdictv\u00ed v\u00a0Hradci Kr\u00e1lov\u00e9 akce Proch\u00e1zka po hradeck\u00fdch pam\u00e1tn\u00edc\u00edch z\u00a01. sv\u011btov\u00e9 v\u00e1lky. V\u00a0Ploti\u0161t\u00edch nad Labem u Masarykovy Z\u0160 stoj\u00ed jeden z\u00a0t\u011bchto pomn\u00edk\u016f. Dobrovoln\u00ed hasi\u010di Ploti\u0161t\u011b, komise m\u00edstn\u00ed samospr\u00e1vy a Masarykova Z\u0160 a M\u0160 Hradec Kr\u00e1lov\u00e9 \u2013 Ploti\u0161t\u011b p\u0159ipravili program na cel\u00e9 ned\u011bln\u00ed odpoledne.<\/p>\n<p>Slavnost zah\u00e1jili \u017e\u00e1ci Masarykovy Z\u0160 kulturn\u00edm p\u00e1smem, n\u00e1sledoval projev ploti\u0161\u0165sk\u00e9ho rod\u00e1ka Bohumila Ulricha a vyvrcholen\u00edm ofici\u00e1ln\u00ed \u010d\u00e1sti programu bylo polo\u017een\u00ed v\u011bnc\u016f k\u00a0pam\u00e1tn\u00edku ob\u011btem 1. sv\u011btov\u00e9 v\u00e1lky za t\u00f3n\u016f \u010desk\u00e9 n\u00e1rodn\u00ed hymny v\u00a0pod\u00e1n\u00ed \u0161koln\u00edho p\u011bveck\u00e9ho sboru. \u010cestnou str\u00e1\u017e u pomn\u00edku dr\u017eeli voj\u00e1ci v\u00a0dobov\u00fdch uniform\u00e1ch, kte\u0159\u00ed si pro n\u00e1v\u0161t\u011bvn\u00edky p\u0159ipravili uk\u00e1zky zbran\u00ed a vojensk\u00e9ho vybaven\u00ed. Sou\u010d\u00e1st\u00ed oslav byla i rozs\u00e1hl\u00e1 v\u00fdstava \u017e\u00e1kovsk\u00fdch prac\u00ed ve v\u0161ech patrech Z\u0160 na t\u00e9ma 100. v\u00fdro\u010d\u00ed zalo\u017een\u00ed \u010ceskoslovensk\u00e9 republiky. Tato v\u00fdstava bude p\u0159\u00edstupn\u00e1 ve\u0159ejnosti i v\u00a0dal\u0161\u00edm obdob\u00ed. Proch\u00e1zka po hradeck\u00fdch pam\u00e1tn\u00edc\u00edch p\u0159ivedla v\u00a0tento den do Ploti\u0161\u0165 k\u00a0pomn\u00edku i do \u0161koly velk\u00e9 mno\u017estv\u00ed n\u00e1v\u0161t\u011bvn\u00edk\u016f, pro kter\u00e9 hasi\u010di p\u0159ipravili i ob\u010derstven\u00ed. P\u0159\u00ednos cel\u00e9 akce tkv\u00ed v\u00a0poselstv\u00ed nejen mlad\u00e9 generaci o \u00fazk\u00e9m propojen\u00ed pohnut\u00e9 historie se sou\u010dasnost\u00ed.<\/p>\n<p><a title=\"Proch\u00e1zka po hradeck\u00fdch pomn\u00edc\u00edch \u2013 fotografie\" href=\"http:\/\/www.zsplotiste.cz\/prochazka-po-hradeckych-pomnicich-plotiste-16-9-2018-2\/\">FOTOGALERIE\u00a0ZDE<\/a><a href=\"http:\/\/www.zsplotiste.cz\/wp-content\/uploads\/2018\/10\/IMG-20181008-WA0025-e1539025346214.jpg\"><br \/>\n<\/a> <a href=\"http:\/\/www.zsplotiste.cz\/wp-content\/uploads\/2018\/10\/IMG-20181008-WA0022-e1539025578928.jpg\"><img fetchpriority=\"high\" decoding=\"async\" class=\"aligncenter size-medium wp-image-2995\" src=\"http:\/\/www.zsplotiste.cz\/wp-content\/uploads\/2018\/10\/IMG-20181008-WA0022-300x189.jpg\" alt=\"IMG-20181008-WA0022\" width=\"300\" height=\"189\" \/><\/a> <a href=\"http:\/\/www.zsplotiste.cz\/wp-content\/uploads\/2018\/10\/IMG-20181008-WA0001-e1539026122749.jpg\"><br \/>\n<\/a><a href=\"http:\/\/www.zsplotiste.cz\/wp-content\/uploads\/2018\/10\/IMG-20181008-WA0012-e1539026058798.jpg\"><br \/>\n<\/a><a href=\"http:\/\/www.zsplotiste.cz\/wp-content\/uploads\/2018\/10\/IMG-20181008-WA0010-e1539026083632.jpg\"><br \/>\n<\/a><\/p>\n<p>&nbsp;<\/p>\n","protected":false},"excerpt":{"rendered":"<p>V\u00a0ned\u011bli 16. 9. 2018 prob\u011bhla v\u00a0r\u00e1mci Dn\u016f evropsk\u00e9ho d\u011bdictv\u00ed v\u00a0Hradci Kr\u00e1lov\u00e9 akce Proch\u00e1zka po hradeck\u00fdch pam\u00e1tn\u00edc\u00edch z\u00a01. sv\u011btov\u00e9 v\u00e1lky. V\u00a0Ploti\u0161t\u00edch nad Labem u Masarykovy Z\u0160 stoj\u00ed jeden z\u00a0t\u011bchto pomn\u00edk\u016f. Dobrovoln\u00ed hasi\u010di Ploti\u0161t\u011b, komise m\u00edstn\u00ed samospr\u00e1vy a Masarykova Z\u0160 a M\u0160 Hradec Kr\u00e1lov\u00e9 \u2013 Ploti\u0161t\u011b p\u0159ipravili&nbsp;<a href=\"https:\/\/www.zsplotiste.cz\/?p=2972\">&hellip;<\/a><\/p>\n","protected":false},"author":6,"featured_media":0,"comment_status":"closed","ping_status":"closed","sticky":false,"template":"","format":"standard","meta":{"footnotes":""},"categories":[2],"tags":[],"class_list":["post-2972","post","type-post","status-publish","format-standard","hentry","category-school-life","odd"],"_links":{"self":[{"href":"https:\/\/www.zsplotiste.cz\/index.php?rest_route=\/wp\/v2\/posts\/2972","targetHints":{"allow":["GET"]}}],"collection":[{"href":"https:\/\/www.zsplotiste.cz\/index.php?rest_route=\/wp\/v2\/posts"}],"about":[{"href":"https:\/\/www.zsplotiste.cz\/index.php?rest_route=\/wp\/v2\/types\/post"}],"author":[{"embeddable":true,"href":"https:\/\/www.zsplotiste.cz\/index.php?rest_route=\/wp\/v2\/users\/6"}],"replies":[{"embeddable":true,"href":"https:\/\/www.zsplotiste.cz\/index.php?rest_route=%2Fwp%2Fv2%2Fcomments&post=2972"}],"version-history":[{"count":1,"href":"https:\/\/www.zsplotiste.cz\/index.php?rest_route=\/wp\/v2\/posts\/2972\/revisions"}],"predecessor-version":[{"id":4792,"href":"https:\/\/www.zsplotiste.cz\/index.php?rest_route=\/wp\/v2\/posts\/2972\/revisions\/4792"}],"wp:attachment":[{"href":"https:\/\/www.zsplotiste.cz\/index.php?rest_route=%2Fwp%2Fv2%2Fmedia&parent=2972"}],"wp:term":[{"taxonomy":"category","embeddable":true,"href":"https:\/\/www.zsplotiste.cz\/index.php?rest_route=%2Fwp%2Fv2%2Fcategories&post=2972"},{"taxonomy":"post_tag","embeddable":true,"href":"https:\/\/www.zsplotiste.cz\/index.php?rest_route=%2Fwp%2Fv2%2Ftags&post=2972"}],"curies":[{"name":"wp","href":"https:\/\/api.w.org\/{rel}","templated":true}]}}