{"id":3038,"date":"2018-10-08T22:00:49","date_gmt":"2018-10-08T22:00:49","guid":{"rendered":"http:\/\/www.zsplotiste.cz\/?p=3038"},"modified":"2023-10-27T12:00:27","modified_gmt":"2023-10-27T11:00:27","slug":"vernisaz-k-mezinarodnimu-dni-senioru","status":"publish","type":"post","link":"https:\/\/www.zsplotiste.cz\/?p=3038","title":{"rendered":"Vernis\u00e1\u017e k Mezin\u00e1rodn\u00edmu dni senior\u016f"},"content":{"rendered":"<p style=\"font-weight: 400;\"><strong>V pond\u011bl\u00ed dne 1. 10. 2018\u00a0<\/strong>se konala velk\u00e1 spole\u010densk\u00e1 ud\u00e1lost za p\u0159\u00edtomnosti prim\u00e1tora m\u011bsta Hradce Kr\u00e1lov\u00e9 Zde\u0148ka Finka, n\u00e1m\u011bstkyn\u011b Anety Maclov\u00e9 a pana Marka \u0160im\u016fnka vedouc\u00edho odboru soci\u00e1ln\u00edch v\u011bc\u00ed a zdravotnictv\u00ed v\u00a0Centru soci\u00e1ln\u00ed pomoci a slu\u017eeb Hradec Kr\u00e1lov\u00e9 \u2013 Harmonie II u p\u0159\u00edle\u017eitosti Mezin\u00e1rodn\u00edho dne senior\u016f. \u00a0Na t\u00e9to akci byla p\u0159ipravena vernis\u00e1\u017e v\u00fdtvarn\u00fdch prac\u00ed \u017e\u00e1k\u016f na\u0161\u00ed \u0161koly. V\u00fdkresy na\u0161ich \u017e\u00e1k\u016f byly pod veden\u00edm pan\u00ed u\u010ditelky Ivany Pleska\u010dov\u00e9 vytv\u00e1\u0159ely pr\u00e1ce na t\u00e9ma \u201eJ\u00e1 a m\u016fj d\u011bde\u010dek, moje babi\u010dka. V\u00fdstava sklidila od v\u0161ech velk\u00fd obdiv a bude nainstalov\u00e1na v\u00a0t\u011bchto prostor\u00e1ch i v\u00a0dal\u0161\u00edch dnech.<\/p>\n\n","protected":false},"excerpt":{"rendered":"<p>V pond\u011bl\u00ed dne 1. 10. 2018\u00a0se konala velk\u00e1 spole\u010densk\u00e1 ud\u00e1lost za p\u0159\u00edtomnosti prim\u00e1tora m\u011bsta Hradce Kr\u00e1lov\u00e9 Zde\u0148ka Finka, n\u00e1m\u011bstkyn\u011b Anety Maclov\u00e9 a pana Marka \u0160im\u016fnka vedouc\u00edho odboru soci\u00e1ln\u00edch v\u011bc\u00ed a zdravotnictv\u00ed v\u00a0Centru soci\u00e1ln\u00ed pomoci a slu\u017eeb Hradec Kr\u00e1lov\u00e9 \u2013 Harmonie II u p\u0159\u00edle\u017eitosti Mezin\u00e1rodn\u00edho dne&nbsp;<a href=\"https:\/\/www.zsplotiste.cz\/?p=3038\">&hellip;<\/a><\/p>\n","protected":false},"author":6,"featured_media":0,"comment_status":"closed","ping_status":"open","sticky":false,"template":"","format":"standard","meta":{"footnotes":""},"categories":[2],"tags":[],"class_list":["post-3038","post","type-post","status-publish","format-standard","hentry","category-school-life","odd"],"_links":{"self":[{"href":"https:\/\/www.zsplotiste.cz\/index.php?rest_route=\/wp\/v2\/posts\/3038","targetHints":{"allow":["GET"]}}],"collection":[{"href":"https:\/\/www.zsplotiste.cz\/index.php?rest_route=\/wp\/v2\/posts"}],"about":[{"href":"https:\/\/www.zsplotiste.cz\/index.php?rest_route=\/wp\/v2\/types\/post"}],"author":[{"embeddable":true,"href":"https:\/\/www.zsplotiste.cz\/index.php?rest_route=\/wp\/v2\/users\/6"}],"replies":[{"embeddable":true,"href":"https:\/\/www.zsplotiste.cz\/index.php?rest_route=%2Fwp%2Fv2%2Fcomments&post=3038"}],"version-history":[{"count":1,"href":"https:\/\/www.zsplotiste.cz\/index.php?rest_route=\/wp\/v2\/posts\/3038\/revisions"}],"predecessor-version":[{"id":4791,"href":"https:\/\/www.zsplotiste.cz\/index.php?rest_route=\/wp\/v2\/posts\/3038\/revisions\/4791"}],"wp:attachment":[{"href":"https:\/\/www.zsplotiste.cz\/index.php?rest_route=%2Fwp%2Fv2%2Fmedia&parent=3038"}],"wp:term":[{"taxonomy":"category","embeddable":true,"href":"https:\/\/www.zsplotiste.cz\/index.php?rest_route=%2Fwp%2Fv2%2Fcategories&post=3038"},{"taxonomy":"post_tag","embeddable":true,"href":"https:\/\/www.zsplotiste.cz\/index.php?rest_route=%2Fwp%2Fv2%2Ftags&post=3038"}],"curies":[{"name":"wp","href":"https:\/\/api.w.org\/{rel}","templated":true}]}}