{"id":3330,"date":"2019-08-26T11:18:28","date_gmt":"2019-08-26T11:18:28","guid":{"rendered":"http:\/\/www.zsplotiste.cz\/?p=3330"},"modified":"2023-10-27T12:00:27","modified_gmt":"2023-10-27T11:00:27","slug":"organizace-zacatku-skolniho-roku-2019-20","status":"publish","type":"post","link":"https:\/\/www.zsplotiste.cz\/?p=3330","title":{"rendered":"Organizace za\u010d\u00e1tku \u0161koln\u00edho roku 2019-20"},"content":{"rendered":"\n<p>Pond\u011bl\u00ed 2.\n9. 2019&nbsp; &#8211; slavnostn\u00ed zah\u00e1jen\u00ed \u0161koln\u00edho\nroku, ukon\u010den\u00ed v\u00fduky v&nbsp;8.45.<\/p>\n\n\n\n<p>\u00dater\u00fd 3. 9.\n2019 \u2013 v\u00fduka na prvn\u00edm stupni do 11.40 hod, na druh\u00e9m stupni do 12.30,\nt\u0159\u00eddnick\u00e9 pr\u00e1ce<\/p>\n\n\n\n<p>St\u0159eda 4. 9.\n2019 \u2013 v\u00fduka na prvn\u00edm stupni do 11.40 hod, na druh\u00e9m stupni do 12.30,\nt\u0159\u00eddnick\u00e9 pr\u00e1ce, t\u0159\u00edda je s&nbsp;t\u0159\u00eddn\u00edm u\u010ditelem\/u\u010ditelkou<\/p>\n\n\n\n<p>\u010ctvrtek 5.\n9. 2019 \u2013 <strong>v\u00fduka dle rozvrhu, v\u00fduka kon\u010d\u00ed\nna prvn\u00edm stupni v&nbsp;11. 40, na druh\u00e9m stupni ve 12.30 hod.<\/strong><\/p>\n\n\n\n<p>P\u00e1tek 6. 9.\n2019 \u2013 v\u00fduka dle rozvrhu, v\u00fduka kon\u010d\u00ed na prvn\u00edm stupni v&nbsp;11.40, na druh\u00e9m\nstupni ve 12.30 hod.<\/p>\n\n\n\n<p><strong>\u0160kola na kole\u010dk\u00e1ch \u2013 projekt pod\nveden\u00edm p. Du\u0161ka bu\u010f 11. nebo 12. z\u00e1\u0159\u00ed 2019 \u2013 dle po\u010das\u00ed<\/strong><\/p>\n\n\n\n<h3 class=\"wp-block-heading\"><strong>D\u016fle\u017eit\u00e1 informace: 2. &#8211; 6. z\u00e1\u0159\u00ed nejsou ob\u011bdy a d\u00e1le dle aktu\u00e1ln\u00edho stavu v\u00a0j\u00eddeln\u011b Pouchov.<\/strong><\/h3>\n\n\n\n<h3 class=\"wp-block-heading\"><strong>Provoz \u0161koln\u00ed dru\u017einy bude zah\u00e1jen 2. z\u00e1\u0159\u00ed 2019<\/strong><\/h3>\n","protected":false},"excerpt":{"rendered":"<p>Pond\u011bl\u00ed 2. 9. 2019&nbsp; &#8211; slavnostn\u00ed zah\u00e1jen\u00ed \u0161koln\u00edho roku, ukon\u010den\u00ed v\u00fduky v&nbsp;8.45. \u00dater\u00fd 3. 9. 2019 \u2013 v\u00fduka na prvn\u00edm stupni do 11.40 hod, na druh\u00e9m stupni do 12.30, t\u0159\u00eddnick\u00e9 pr\u00e1ce St\u0159eda 4. 9. 2019 \u2013 v\u00fduka na prvn\u00edm stupni do 11.40 hod, na druh\u00e9m&nbsp;<a href=\"https:\/\/www.zsplotiste.cz\/?p=3330\">&hellip;<\/a><\/p>\n","protected":false},"author":6,"featured_media":0,"comment_status":"closed","ping_status":"open","sticky":false,"template":"","format":"standard","meta":{"footnotes":""},"categories":[2],"tags":[],"class_list":["post-3330","post","type-post","status-publish","format-standard","hentry","category-school-life","odd"],"_links":{"self":[{"href":"https:\/\/www.zsplotiste.cz\/index.php?rest_route=\/wp\/v2\/posts\/3330","targetHints":{"allow":["GET"]}}],"collection":[{"href":"https:\/\/www.zsplotiste.cz\/index.php?rest_route=\/wp\/v2\/posts"}],"about":[{"href":"https:\/\/www.zsplotiste.cz\/index.php?rest_route=\/wp\/v2\/types\/post"}],"author":[{"embeddable":true,"href":"https:\/\/www.zsplotiste.cz\/index.php?rest_route=\/wp\/v2\/users\/6"}],"replies":[{"embeddable":true,"href":"https:\/\/www.zsplotiste.cz\/index.php?rest_route=%2Fwp%2Fv2%2Fcomments&post=3330"}],"version-history":[{"count":1,"href":"https:\/\/www.zsplotiste.cz\/index.php?rest_route=\/wp\/v2\/posts\/3330\/revisions"}],"predecessor-version":[{"id":4776,"href":"https:\/\/www.zsplotiste.cz\/index.php?rest_route=\/wp\/v2\/posts\/3330\/revisions\/4776"}],"wp:attachment":[{"href":"https:\/\/www.zsplotiste.cz\/index.php?rest_route=%2Fwp%2Fv2%2Fmedia&parent=3330"}],"wp:term":[{"taxonomy":"category","embeddable":true,"href":"https:\/\/www.zsplotiste.cz\/index.php?rest_route=%2Fwp%2Fv2%2Fcategories&post=3330"},{"taxonomy":"post_tag","embeddable":true,"href":"https:\/\/www.zsplotiste.cz\/index.php?rest_route=%2Fwp%2Fv2%2Ftags&post=3330"}],"curies":[{"name":"wp","href":"https:\/\/api.w.org\/{rel}","templated":true}]}}