{"id":5405,"date":"2023-11-22T12:55:55","date_gmt":"2023-11-22T12:55:55","guid":{"rendered":"https:\/\/www.zsplotiste.cz\/?p=4961"},"modified":"2023-12-18T16:56:46","modified_gmt":"2023-12-18T15:56:46","slug":"stavka-27-11-2023","status":"publish","type":"post","link":"https:\/\/www.zsplotiste.cz\/?p=5405","title":{"rendered":"St\u00e1vka 27. 11. 2023"},"content":{"rendered":"\n<p>V\u00e1\u017een\u00ed\nrodi\u010de,<\/p>\n\n\n\n<p>dovolte\nn\u00e1m, abychom V\u00e1s informovali o na\u0161em rozhodnut\u00ed p\u0159ipojit se ke st\u00e1vce\nzam\u011bstnanc\u016f \u0161kol a \u0161kolsk\u00fdch za\u0159\u00edzen\u00ed, kter\u00e1 se uskute\u010dn\u00ed<\/p>\n\n\n\n<p>v\npond\u011bl\u00ed 27. 11. 2023 .<\/p>\n\n\n\n<p>I\nMY, ZAM\u011aSTNANCI MASARYKOVY Z\u00c1KLADN\u00cd \u0160KOLY A MATE\u0158SK\u00c9 \u0160KOLY, HRADEC KR\u00c1LOV\u00c9 &#8211;\nPLOTI\u0160T\u011a SE P\u0158IPOJUJEME KE ST\u00c1VCE.<\/p>\n\n\n\n<p>Cel\u00e1\n\u0161kola, v\u010detn\u011b mate\u0159sk\u00e9 \u0161koly, tak bude cel\u00fd den zav\u0159en\u00e1, \u0161koln\u00ed j\u00eddelna nebude vyd\u00e1vat\nob\u011bdy. V\u00edme, \u017ee toto rozhodnut\u00ed V\u00e1m zp\u016fsob\u00ed nemal\u00e9 probl\u00e9my, ale bojujeme tady\nza Va\u0161e d\u011bti, za jejich podm\u00ednky ve vyu\u010dov\u00e1n\u00ed a ve \u0161kole v\u016fbec. Ji\u017e del\u0161\u00ed dobu\njsou ze strany ministerstva opom\u00edjeni nap\u0159\u00edklad nepedagogi\u010dt\u00ed zam\u011bstnanci,\nkte\u0159\u00ed sly\u0161\u00ed v\u017edy jen sliby, p\u0159itom jejich platov\u00e9 ohodnocen\u00ed je ji\u017e d\u00e1vno\nnedostate\u010dn\u00e9 a je na hranici minim\u00e1ln\u00ed mzdy.<\/p>\n\n\n\n<p>Nov\u011b\nse ministerstvo rozhodlo \u0161et\u0159it i na mno\u017estv\u00ed odu\u010den\u00fdch hodin, kter\u00e9 by dle\nn\u00e1vrhu M\u0160MT na na\u0161\u00ed \u0161kole znamenalo sn\u00ed\u017een\u00ed mno\u017estv\u00ed d\u011blen\u00fdch hodin. Je to\ncesta zp\u011bt, kterou nechceme dopustit, proto\u017ee v\u00edme, \u017ee se nejv\u00edce podep\u00ed\u0161e na\nna\u0161ich d\u011btech, \u017e\u00e1c\u00edch a studentech.<\/p>\n\n\n\n<p>Ji\u017e\ndnes t\u011b\u017eko hled\u00e1me nepedagogick\u00e9 pracovn\u00edky do \u0161kolstv\u00ed, ukl\u00edze\u010dky, \u0161koln\u00edky,\n\u00fadr\u017eb\u00e1\u0159e, kucha\u0159e. Za jejich sou\u010dasn\u00e9 mzdy by mnoho ob\u010dan\u016f v na\u0161\u00ed republice\nnevst\u00e1valo do pr\u00e1ce. Jejich pr\u00e1ce nen\u00ed lehk\u00e1, p\u0159esto ji d\u011blaj\u00ed pro na\u0161e d\u011bti\nr\u00e1di. Za to v\u0161echno minim\u00e1ln\u00ed mzda!???<\/p>\n\n\n\n<p>D\u016fvody,\nkter\u00e9 n\u00e1s vedou ke st\u00e1vce:<\/p>\n\n\n\n<p>\u2022\nPokles po\u010dtu hodin v\u011bnovan\u00fdch v\u00fduce<\/p>\n\n\n\n<p>\u2022\nOmezen\u00ed d\u011blen\u00ed t\u0159\u00edd na skupiny<\/p>\n\n\n\n<p>\u2022\nZvy\u0161ov\u00e1n\u00ed po\u010dtu \u017e\u00e1k\u016f ve t\u0159\u00edd\u00e1ch<\/p>\n\n\n\n<p>\u2022\nOmezov\u00e1n\u00ed voliteln\u00fdch p\u0159edm\u011bt\u016f<\/p>\n\n\n\n<p>\u2022\nSn\u00ed\u017een\u00ed finan\u010dn\u00edch prost\u0159edk\u016f na asistenty pedagoga<\/p>\n\n\n\n<p>\u2022\nOmezen\u00ed finan\u010dn\u00edch prost\u0159edk\u016f na po\u0159izov\u00e1n\u00ed pom\u016fcek pro vzd\u011bl\u00e1v\u00e1n\u00ed<\/p>\n\n\n\n<p>\u2022\nV\u00fdrazn\u00e9 sn\u00ed\u017een\u00ed mzdov\u00fdch prost\u0159edk\u016f pro nepedagogick\u00e9 pracovn\u00edky (zam\u011bstnance\n\u0161koln\u00ed j\u00eddelny, ukl\u00edze\u010dky a dal\u0161\u00ed)<\/p>\n\n\n\n<p>Pevn\u011b\nv\u011b\u0159\u00edm, \u017ee ch\u00e1pete, \u017ee n\u00e1m jde opravdu o budoucnost \u0161kolstv\u00ed a podpo\u0159\u00edte n\u00e1s v\nna\u0161\u00ed snaze. <\/p>\n\n\n\n<p>S\np\u0159\u00e1n\u00edm v\u0161eho dobr\u00e9ho<\/p>\n\n\n\n<p>PaedDr.\nIlona Hojn\u00e1<\/p>\n","protected":false},"excerpt":{"rendered":"<p>V\u00e1\u017een\u00ed rodi\u010de, dovolte n\u00e1m, abychom V\u00e1s informovali o na\u0161em rozhodnut\u00ed p\u0159ipojit se ke st\u00e1vce zam\u011bstnanc\u016f \u0161kol a \u0161kolsk\u00fdch za\u0159\u00edzen\u00ed, kter\u00e1 se uskute\u010dn\u00ed v pond\u011bl\u00ed 27. 11. 2023 . I MY, ZAM\u011aSTNANCI MASARYKOVY Z\u00c1KLADN\u00cd \u0160KOLY A MATE\u0158SK\u00c9 \u0160KOLY, HRADEC KR\u00c1LOV\u00c9 &#8211; PLOTI\u0160T\u011a SE P\u0158IPOJUJEME KE ST\u00c1VCE.&nbsp;<a href=\"https:\/\/www.zsplotiste.cz\/?p=5405\">&hellip;<\/a><\/p>\n","protected":false},"author":7,"featured_media":0,"comment_status":"open","ping_status":"open","sticky":false,"template":"","format":"standard","meta":{"footnotes":""},"categories":[2],"tags":[],"class_list":["post-5405","post","type-post","status-publish","format-standard","hentry","category-school-life","odd"],"_links":{"self":[{"href":"https:\/\/www.zsplotiste.cz\/index.php?rest_route=\/wp\/v2\/posts\/5405","targetHints":{"allow":["GET"]}}],"collection":[{"href":"https:\/\/www.zsplotiste.cz\/index.php?rest_route=\/wp\/v2\/posts"}],"about":[{"href":"https:\/\/www.zsplotiste.cz\/index.php?rest_route=\/wp\/v2\/types\/post"}],"author":[{"embeddable":true,"href":"https:\/\/www.zsplotiste.cz\/index.php?rest_route=\/wp\/v2\/users\/7"}],"replies":[{"embeddable":true,"href":"https:\/\/www.zsplotiste.cz\/index.php?rest_route=%2Fwp%2Fv2%2Fcomments&post=5405"}],"version-history":[{"count":1,"href":"https:\/\/www.zsplotiste.cz\/index.php?rest_route=\/wp\/v2\/posts\/5405\/revisions"}],"predecessor-version":[{"id":5419,"href":"https:\/\/www.zsplotiste.cz\/index.php?rest_route=\/wp\/v2\/posts\/5405\/revisions\/5419"}],"wp:attachment":[{"href":"https:\/\/www.zsplotiste.cz\/index.php?rest_route=%2Fwp%2Fv2%2Fmedia&parent=5405"}],"wp:term":[{"taxonomy":"category","embeddable":true,"href":"https:\/\/www.zsplotiste.cz\/index.php?rest_route=%2Fwp%2Fv2%2Fcategories&post=5405"},{"taxonomy":"post_tag","embeddable":true,"href":"https:\/\/www.zsplotiste.cz\/index.php?rest_route=%2Fwp%2Fv2%2Ftags&post=5405"}],"curies":[{"name":"wp","href":"https:\/\/api.w.org\/{rel}","templated":true}]}}